{"id":13838,"date":"2024-01-05T11:52:00","date_gmt":"2024-01-05T10:52:00","guid":{"rendered":"https:\/\/www.heim-ag.ch\/heizsysteme\/un-jubile-plein-demotion\/"},"modified":"2024-01-05T11:52:00","modified_gmt":"2024-01-05T10:52:00","slug":"un-jubile-plein-demotion","status":"publish","type":"post","link":"https:\/\/www.heim-ag.ch\/heizsysteme\/fr\/un-jubile-plein-demotion\/","title":{"rendered":"Un jubil\u00e9 plein d&rsquo;\u00e9motion"},"content":{"rendered":"<p>Pour une fois, Stefan Reisp, d&rsquo;habitude tr\u00e8s tourn\u00e9 vers l&rsquo;avenir, se penche sur les ann\u00e9es pass\u00e9es en tant que propri\u00e9taire. Ce qui se lit aujourd&rsquo;hui comme une success story a \u00e9t\u00e9 20 longues ann\u00e9es, parsem\u00e9es de hauts et de bas, de succ\u00e8s et de d\u00e9faites. \u00ab Tout le programme que l&rsquo;on peut attendre d&rsquo;une activit\u00e9 ind\u00e9pendante \u00bb, d\u00e9clare Reisp dans son interview d&rsquo;anniversaire, r\u00e9alis\u00e9e en direct sur sc\u00e8ne par la journaliste thurgovienne Marina Warth, devant le personnel r\u00e9uni. Le jubilaire a de nombreux mots de remerciement pour tous ceux qui l&rsquo;ont accompagn\u00e9 dans son parcours et ne manque pas de partager des anecdotes \u00e9motionnelles personnelles avec ses collaborateurs. \u00ab Ce qui se passe chez nous \u00e0 HEIM est du grand cin\u00e9ma et je suis fier et reconnaissant de tout ce que j&rsquo;ai pu r\u00e9aliser avec vous. Nous allons continuer \u00e0 travailler dur ! \u00bb, conclut Reisp en s&rsquo;adressant \u00e0 son personnel avant d&rsquo;ouvrir le bar o\u00f9 la f\u00eate a dur\u00e9 jusqu&rsquo;au petit matin.  <\/p>\n","protected":false},"excerpt":{"rendered":"<p>Pour une fois, Stefan Reisp, d&rsquo;habitude tr\u00e8s tourn\u00e9 vers l&rsquo;avenir, se penche sur les ann\u00e9es pass\u00e9es en tant que propri\u00e9taire. Ce qui se lit aujourd&rsquo;hui comme l&rsquo;histoire d&rsquo;un succ\u00e8s a \u00e9t\u00e9 20 longues ann\u00e9es, parsem\u00e9es de hauts, de bas, de succ\u00e8s et de d\u00e9faites. <\/p>\n","protected":false},"author":6,"featured_media":2264,"comment_status":"closed","ping_status":"closed","sticky":false,"template":"","format":"standard","meta":{"_acf_changed":false,"footnotes":""},"categories":[85],"tags":[],"class_list":["post-13838","post","type-post","status-publish","format-standard","has-post-thumbnail","hentry","category-actualites"],"acf":[],"yoast_head":"<!-- This site is optimized with the Yoast SEO plugin v27.5 - https:\/\/yoast.com\/product\/yoast-seo-wordpress\/ -->\n<title>Un jubil\u00e9 plein d&#039;\u00e9motion - Heim AG Heizsysteme<\/title>\n<meta name=\"description\" content=\"Le jubilaire a des mots de remerciement pour tous ceux qui l&#039;ont accompagn\u00e9 sur son chemin et partage des anecdotes \u00e9motionnelles personnelles.\" \/>\n<meta name=\"robots\" content=\"index, follow, max-snippet:-1, max-image-preview:large, max-video-preview:-1\" \/>\n<link rel=\"canonical\" href=\"https:\/\/www.heim-ag.ch\/heizsysteme\/fr\/un-jubile-plein-demotion\/\" \/>\n<meta property=\"og:locale\" content=\"fr_FR\" \/>\n<meta property=\"og:type\" content=\"article\" \/>\n<meta property=\"og:title\" content=\"Un jubil\u00e9 plein d&#039;\u00e9motion - Heim AG Heizsysteme\" \/>\n<meta property=\"og:description\" content=\"Le jubilaire a des mots de remerciement pour tous ceux qui l&#039;ont accompagn\u00e9 sur son chemin et partage des anecdotes \u00e9motionnelles personnelles.\" \/>\n<meta property=\"og:url\" content=\"https:\/\/www.heim-ag.ch\/heizsysteme\/fr\/un-jubile-plein-demotion\/\" \/>\n<meta property=\"og:site_name\" content=\"Heim AG Heizsysteme\" \/>\n<meta property=\"article:published_time\" content=\"2024-01-05T10:52:00+00:00\" \/>\n<meta property=\"og:image\" content=\"https:\/\/www.heim-ag.ch\/heizsysteme\/wp-content\/uploads\/sites\/2\/2024\/01\/firmenfest-jubilar-heimag-2024.jpg\" \/>\n\t<meta property=\"og:image:width\" content=\"1220\" \/>\n\t<meta property=\"og:image:height\" content=\"760\" \/>\n\t<meta property=\"og:image:type\" content=\"image\/jpeg\" \/>\n<meta name=\"author\" content=\"ronjabuehrer\" \/>\n<meta name=\"twitter:card\" content=\"summary_large_image\" \/>\n<meta name=\"twitter:label1\" content=\"\u00c9crit par\" \/>\n\t<meta name=\"twitter:data1\" content=\"ronjabuehrer\" \/>\n\t<meta name=\"twitter:label2\" content=\"Dur\u00e9e de lecture estim\u00e9e\" \/>\n\t<meta name=\"twitter:data2\" content=\"1 minute\" \/>\n<script type=\"application\/ld+json\" class=\"yoast-schema-graph\">{\"@context\":\"https:\\\/\\\/schema.org\",\"@graph\":[{\"@type\":\"Article\",\"@id\":\"https:\\\/\\\/www.heim-ag.ch\\\/heizsysteme\\\/fr\\\/un-jubile-plein-demotion\\\/#article\",\"isPartOf\":{\"@id\":\"https:\\\/\\\/www.heim-ag.ch\\\/heizsysteme\\\/fr\\\/un-jubile-plein-demotion\\\/\"},\"author\":{\"name\":\"ronjabuehrer\",\"@id\":\"https:\\\/\\\/www.heim-ag.ch\\\/heizsysteme\\\/fr\\\/#\\\/schema\\\/person\\\/0473a381aedfaa61560e1db7646517b5\"},\"headline\":\"Un jubil\u00e9 plein d&rsquo;\u00e9motion\",\"datePublished\":\"2024-01-05T10:52:00+00:00\",\"mainEntityOfPage\":{\"@id\":\"https:\\\/\\\/www.heim-ag.ch\\\/heizsysteme\\\/fr\\\/un-jubile-plein-demotion\\\/\"},\"wordCount\":187,\"publisher\":{\"@id\":\"https:\\\/\\\/www.heim-ag.ch\\\/heizsysteme\\\/fr\\\/#organization\"},\"image\":{\"@id\":\"https:\\\/\\\/www.heim-ag.ch\\\/heizsysteme\\\/fr\\\/un-jubile-plein-demotion\\\/#primaryimage\"},\"thumbnailUrl\":\"https:\\\/\\\/www.heim-ag.ch\\\/heizsysteme\\\/wp-content\\\/uploads\\\/sites\\\/2\\\/2024\\\/01\\\/firmenfest-jubilar-heimag-2024.jpg\",\"articleSection\":[\"Actualit\u00e9s\"],\"inLanguage\":\"fr-FR\"},{\"@type\":\"WebPage\",\"@id\":\"https:\\\/\\\/www.heim-ag.ch\\\/heizsysteme\\\/fr\\\/un-jubile-plein-demotion\\\/\",\"url\":\"https:\\\/\\\/www.heim-ag.ch\\\/heizsysteme\\\/fr\\\/un-jubile-plein-demotion\\\/\",\"name\":\"Un jubil\u00e9 plein d'\u00e9motion - Heim AG Heizsysteme\",\"isPartOf\":{\"@id\":\"https:\\\/\\\/www.heim-ag.ch\\\/heizsysteme\\\/fr\\\/#website\"},\"primaryImageOfPage\":{\"@id\":\"https:\\\/\\\/www.heim-ag.ch\\\/heizsysteme\\\/fr\\\/un-jubile-plein-demotion\\\/#primaryimage\"},\"image\":{\"@id\":\"https:\\\/\\\/www.heim-ag.ch\\\/heizsysteme\\\/fr\\\/un-jubile-plein-demotion\\\/#primaryimage\"},\"thumbnailUrl\":\"https:\\\/\\\/www.heim-ag.ch\\\/heizsysteme\\\/wp-content\\\/uploads\\\/sites\\\/2\\\/2024\\\/01\\\/firmenfest-jubilar-heimag-2024.jpg\",\"datePublished\":\"2024-01-05T10:52:00+00:00\",\"description\":\"Le jubilaire a des mots de remerciement pour tous ceux qui l'ont accompagn\u00e9 sur son chemin et partage des anecdotes \u00e9motionnelles personnelles.\",\"breadcrumb\":{\"@id\":\"https:\\\/\\\/www.heim-ag.ch\\\/heizsysteme\\\/fr\\\/un-jubile-plein-demotion\\\/#breadcrumb\"},\"inLanguage\":\"fr-FR\",\"potentialAction\":[{\"@type\":\"ReadAction\",\"target\":[\"https:\\\/\\\/www.heim-ag.ch\\\/heizsysteme\\\/fr\\\/un-jubile-plein-demotion\\\/\"]}]},{\"@type\":\"ImageObject\",\"inLanguage\":\"fr-FR\",\"@id\":\"https:\\\/\\\/www.heim-ag.ch\\\/heizsysteme\\\/fr\\\/un-jubile-plein-demotion\\\/#primaryimage\",\"url\":\"https:\\\/\\\/www.heim-ag.ch\\\/heizsysteme\\\/wp-content\\\/uploads\\\/sites\\\/2\\\/2024\\\/01\\\/firmenfest-jubilar-heimag-2024.jpg\",\"contentUrl\":\"https:\\\/\\\/www.heim-ag.ch\\\/heizsysteme\\\/wp-content\\\/uploads\\\/sites\\\/2\\\/2024\\\/01\\\/firmenfest-jubilar-heimag-2024.jpg\",\"width\":1220,\"height\":760},{\"@type\":\"BreadcrumbList\",\"@id\":\"https:\\\/\\\/www.heim-ag.ch\\\/heizsysteme\\\/fr\\\/un-jubile-plein-demotion\\\/#breadcrumb\",\"itemListElement\":[{\"@type\":\"ListItem\",\"position\":1,\"name\":\"Startseite\",\"item\":\"https:\\\/\\\/www.heim-ag.ch\\\/heizsysteme\\\/fr\\\/\"},{\"@type\":\"ListItem\",\"position\":2,\"name\":\"Un jubil\u00e9 plein d&rsquo;\u00e9motion\"}]},{\"@type\":\"WebSite\",\"@id\":\"https:\\\/\\\/www.heim-ag.ch\\\/heizsysteme\\\/fr\\\/#website\",\"url\":\"https:\\\/\\\/www.heim-ag.ch\\\/heizsysteme\\\/fr\\\/\",\"name\":\"Heim AG Heizsysteme\",\"description\":\"Ganzheitlicher Partner f\u00fcr Energiel\u00f6sungen: erneuerbar und lokal\",\"publisher\":{\"@id\":\"https:\\\/\\\/www.heim-ag.ch\\\/heizsysteme\\\/fr\\\/#organization\"},\"alternateName\":\"Heim AG\",\"potentialAction\":[{\"@type\":\"SearchAction\",\"target\":{\"@type\":\"EntryPoint\",\"urlTemplate\":\"https:\\\/\\\/www.heim-ag.ch\\\/heizsysteme\\\/fr\\\/?s={search_term_string}\"},\"query-input\":{\"@type\":\"PropertyValueSpecification\",\"valueRequired\":true,\"valueName\":\"search_term_string\"}}],\"inLanguage\":\"fr-FR\"},{\"@type\":\"Organization\",\"@id\":\"https:\\\/\\\/www.heim-ag.ch\\\/heizsysteme\\\/fr\\\/#organization\",\"name\":\"Heim AG Heizsysteme\",\"alternateName\":\"Heim AG\",\"url\":\"https:\\\/\\\/www.heim-ag.ch\\\/heizsysteme\\\/fr\\\/\",\"logo\":{\"@type\":\"ImageObject\",\"inLanguage\":\"fr-FR\",\"@id\":\"https:\\\/\\\/www.heim-ag.ch\\\/heizsysteme\\\/fr\\\/#\\\/schema\\\/logo\\\/image\\\/\",\"url\":\"https:\\\/\\\/www.heim-ag.ch\\\/heizsysteme\\\/wp-content\\\/uploads\\\/sites\\\/2\\\/2024\\\/08\\\/heim-ag-logo-organisations-logo.jpg\",\"contentUrl\":\"https:\\\/\\\/www.heim-ag.ch\\\/heizsysteme\\\/wp-content\\\/uploads\\\/sites\\\/2\\\/2024\\\/08\\\/heim-ag-logo-organisations-logo.jpg\",\"width\":696,\"height\":697,\"caption\":\"Heim AG Heizsysteme\"},\"image\":{\"@id\":\"https:\\\/\\\/www.heim-ag.ch\\\/heizsysteme\\\/fr\\\/#\\\/schema\\\/logo\\\/image\\\/\"}},{\"@type\":\"Person\",\"@id\":\"https:\\\/\\\/www.heim-ag.ch\\\/heizsysteme\\\/fr\\\/#\\\/schema\\\/person\\\/0473a381aedfaa61560e1db7646517b5\",\"name\":\"ronjabuehrer\",\"image\":{\"@type\":\"ImageObject\",\"inLanguage\":\"fr-FR\",\"@id\":\"https:\\\/\\\/secure.gravatar.com\\\/avatar\\\/7820238b43655883060f53b3c8c23db388994bb0e83147d6823d4f046ac8d93e?s=96&d=mm&r=g\",\"url\":\"https:\\\/\\\/secure.gravatar.com\\\/avatar\\\/7820238b43655883060f53b3c8c23db388994bb0e83147d6823d4f046ac8d93e?s=96&d=mm&r=g\",\"contentUrl\":\"https:\\\/\\\/secure.gravatar.com\\\/avatar\\\/7820238b43655883060f53b3c8c23db388994bb0e83147d6823d4f046ac8d93e?s=96&d=mm&r=g\",\"caption\":\"ronjabuehrer\"}}]}<\/script>\n<!-- \/ Yoast SEO plugin. -->","yoast_head_json":{"title":"Un jubil\u00e9 plein d'\u00e9motion - Heim AG Heizsysteme","description":"Le jubilaire a des mots de remerciement pour tous ceux qui l'ont accompagn\u00e9 sur son chemin et partage des anecdotes \u00e9motionnelles personnelles.","robots":{"index":"index","follow":"follow","max-snippet":"max-snippet:-1","max-image-preview":"max-image-preview:large","max-video-preview":"max-video-preview:-1"},"canonical":"https:\/\/www.heim-ag.ch\/heizsysteme\/fr\/un-jubile-plein-demotion\/","og_locale":"fr_FR","og_type":"article","og_title":"Un jubil\u00e9 plein d'\u00e9motion - Heim AG Heizsysteme","og_description":"Le jubilaire a des mots de remerciement pour tous ceux qui l'ont accompagn\u00e9 sur son chemin et partage des anecdotes \u00e9motionnelles personnelles.","og_url":"https:\/\/www.heim-ag.ch\/heizsysteme\/fr\/un-jubile-plein-demotion\/","og_site_name":"Heim AG Heizsysteme","article_published_time":"2024-01-05T10:52:00+00:00","og_image":[{"width":1220,"height":760,"url":"https:\/\/www.heim-ag.ch\/heizsysteme\/wp-content\/uploads\/sites\/2\/2024\/01\/firmenfest-jubilar-heimag-2024.jpg","type":"image\/jpeg"}],"author":"ronjabuehrer","twitter_card":"summary_large_image","twitter_misc":{"\u00c9crit par":"ronjabuehrer","Dur\u00e9e de lecture estim\u00e9e":"1 minute"},"schema":{"@context":"https:\/\/schema.org","@graph":[{"@type":"Article","@id":"https:\/\/www.heim-ag.ch\/heizsysteme\/fr\/un-jubile-plein-demotion\/#article","isPartOf":{"@id":"https:\/\/www.heim-ag.ch\/heizsysteme\/fr\/un-jubile-plein-demotion\/"},"author":{"name":"ronjabuehrer","@id":"https:\/\/www.heim-ag.ch\/heizsysteme\/fr\/#\/schema\/person\/0473a381aedfaa61560e1db7646517b5"},"headline":"Un jubil\u00e9 plein d&rsquo;\u00e9motion","datePublished":"2024-01-05T10:52:00+00:00","mainEntityOfPage":{"@id":"https:\/\/www.heim-ag.ch\/heizsysteme\/fr\/un-jubile-plein-demotion\/"},"wordCount":187,"publisher":{"@id":"https:\/\/www.heim-ag.ch\/heizsysteme\/fr\/#organization"},"image":{"@id":"https:\/\/www.heim-ag.ch\/heizsysteme\/fr\/un-jubile-plein-demotion\/#primaryimage"},"thumbnailUrl":"https:\/\/www.heim-ag.ch\/heizsysteme\/wp-content\/uploads\/sites\/2\/2024\/01\/firmenfest-jubilar-heimag-2024.jpg","articleSection":["Actualit\u00e9s"],"inLanguage":"fr-FR"},{"@type":"WebPage","@id":"https:\/\/www.heim-ag.ch\/heizsysteme\/fr\/un-jubile-plein-demotion\/","url":"https:\/\/www.heim-ag.ch\/heizsysteme\/fr\/un-jubile-plein-demotion\/","name":"Un jubil\u00e9 plein d'\u00e9motion - Heim AG Heizsysteme","isPartOf":{"@id":"https:\/\/www.heim-ag.ch\/heizsysteme\/fr\/#website"},"primaryImageOfPage":{"@id":"https:\/\/www.heim-ag.ch\/heizsysteme\/fr\/un-jubile-plein-demotion\/#primaryimage"},"image":{"@id":"https:\/\/www.heim-ag.ch\/heizsysteme\/fr\/un-jubile-plein-demotion\/#primaryimage"},"thumbnailUrl":"https:\/\/www.heim-ag.ch\/heizsysteme\/wp-content\/uploads\/sites\/2\/2024\/01\/firmenfest-jubilar-heimag-2024.jpg","datePublished":"2024-01-05T10:52:00+00:00","description":"Le jubilaire a des mots de remerciement pour tous ceux qui l'ont accompagn\u00e9 sur son chemin et partage des anecdotes \u00e9motionnelles personnelles.","breadcrumb":{"@id":"https:\/\/www.heim-ag.ch\/heizsysteme\/fr\/un-jubile-plein-demotion\/#breadcrumb"},"inLanguage":"fr-FR","potentialAction":[{"@type":"ReadAction","target":["https:\/\/www.heim-ag.ch\/heizsysteme\/fr\/un-jubile-plein-demotion\/"]}]},{"@type":"ImageObject","inLanguage":"fr-FR","@id":"https:\/\/www.heim-ag.ch\/heizsysteme\/fr\/un-jubile-plein-demotion\/#primaryimage","url":"https:\/\/www.heim-ag.ch\/heizsysteme\/wp-content\/uploads\/sites\/2\/2024\/01\/firmenfest-jubilar-heimag-2024.jpg","contentUrl":"https:\/\/www.heim-ag.ch\/heizsysteme\/wp-content\/uploads\/sites\/2\/2024\/01\/firmenfest-jubilar-heimag-2024.jpg","width":1220,"height":760},{"@type":"BreadcrumbList","@id":"https:\/\/www.heim-ag.ch\/heizsysteme\/fr\/un-jubile-plein-demotion\/#breadcrumb","itemListElement":[{"@type":"ListItem","position":1,"name":"Startseite","item":"https:\/\/www.heim-ag.ch\/heizsysteme\/fr\/"},{"@type":"ListItem","position":2,"name":"Un jubil\u00e9 plein d&rsquo;\u00e9motion"}]},{"@type":"WebSite","@id":"https:\/\/www.heim-ag.ch\/heizsysteme\/fr\/#website","url":"https:\/\/www.heim-ag.ch\/heizsysteme\/fr\/","name":"Heim AG Heizsysteme","description":"Ganzheitlicher Partner f\u00fcr Energiel\u00f6sungen: erneuerbar und lokal","publisher":{"@id":"https:\/\/www.heim-ag.ch\/heizsysteme\/fr\/#organization"},"alternateName":"Heim AG","potentialAction":[{"@type":"SearchAction","target":{"@type":"EntryPoint","urlTemplate":"https:\/\/www.heim-ag.ch\/heizsysteme\/fr\/?s={search_term_string}"},"query-input":{"@type":"PropertyValueSpecification","valueRequired":true,"valueName":"search_term_string"}}],"inLanguage":"fr-FR"},{"@type":"Organization","@id":"https:\/\/www.heim-ag.ch\/heizsysteme\/fr\/#organization","name":"Heim AG Heizsysteme","alternateName":"Heim AG","url":"https:\/\/www.heim-ag.ch\/heizsysteme\/fr\/","logo":{"@type":"ImageObject","inLanguage":"fr-FR","@id":"https:\/\/www.heim-ag.ch\/heizsysteme\/fr\/#\/schema\/logo\/image\/","url":"https:\/\/www.heim-ag.ch\/heizsysteme\/wp-content\/uploads\/sites\/2\/2024\/08\/heim-ag-logo-organisations-logo.jpg","contentUrl":"https:\/\/www.heim-ag.ch\/heizsysteme\/wp-content\/uploads\/sites\/2\/2024\/08\/heim-ag-logo-organisations-logo.jpg","width":696,"height":697,"caption":"Heim AG Heizsysteme"},"image":{"@id":"https:\/\/www.heim-ag.ch\/heizsysteme\/fr\/#\/schema\/logo\/image\/"}},{"@type":"Person","@id":"https:\/\/www.heim-ag.ch\/heizsysteme\/fr\/#\/schema\/person\/0473a381aedfaa61560e1db7646517b5","name":"ronjabuehrer","image":{"@type":"ImageObject","inLanguage":"fr-FR","@id":"https:\/\/secure.gravatar.com\/avatar\/7820238b43655883060f53b3c8c23db388994bb0e83147d6823d4f046ac8d93e?s=96&d=mm&r=g","url":"https:\/\/secure.gravatar.com\/avatar\/7820238b43655883060f53b3c8c23db388994bb0e83147d6823d4f046ac8d93e?s=96&d=mm&r=g","contentUrl":"https:\/\/secure.gravatar.com\/avatar\/7820238b43655883060f53b3c8c23db388994bb0e83147d6823d4f046ac8d93e?s=96&d=mm&r=g","caption":"ronjabuehrer"}}]}},"_links":{"self":[{"href":"https:\/\/www.heim-ag.ch\/heizsysteme\/fr\/wp-json\/wp\/v2\/posts\/13838","targetHints":{"allow":["GET"]}}],"collection":[{"href":"https:\/\/www.heim-ag.ch\/heizsysteme\/fr\/wp-json\/wp\/v2\/posts"}],"about":[{"href":"https:\/\/www.heim-ag.ch\/heizsysteme\/fr\/wp-json\/wp\/v2\/types\/post"}],"author":[{"embeddable":true,"href":"https:\/\/www.heim-ag.ch\/heizsysteme\/fr\/wp-json\/wp\/v2\/users\/6"}],"replies":[{"embeddable":true,"href":"https:\/\/www.heim-ag.ch\/heizsysteme\/fr\/wp-json\/wp\/v2\/comments?post=13838"}],"version-history":[{"count":0,"href":"https:\/\/www.heim-ag.ch\/heizsysteme\/fr\/wp-json\/wp\/v2\/posts\/13838\/revisions"}],"wp:featuredmedia":[{"embeddable":true,"href":"https:\/\/www.heim-ag.ch\/heizsysteme\/fr\/wp-json\/wp\/v2\/media\/2264"}],"wp:attachment":[{"href":"https:\/\/www.heim-ag.ch\/heizsysteme\/fr\/wp-json\/wp\/v2\/media?parent=13838"}],"wp:term":[{"taxonomy":"category","embeddable":true,"href":"https:\/\/www.heim-ag.ch\/heizsysteme\/fr\/wp-json\/wp\/v2\/categories?post=13838"},{"taxonomy":"post_tag","embeddable":true,"href":"https:\/\/www.heim-ag.ch\/heizsysteme\/fr\/wp-json\/wp\/v2\/tags?post=13838"}],"curies":[{"name":"wp","href":"https:\/\/api.w.org\/{rel}","templated":true}]}}